{"id":11144,"date":"2022-02-08T10:28:00","date_gmt":"2022-02-08T10:28:00","guid":{"rendered":"https:\/\/castelhano-ferreira.pt\/?p=11144"},"modified":"2022-03-10T10:31:29","modified_gmt":"2022-03-10T10:31:29","slug":"ja-parou-para-refletir-porque-existem-problemas-antes-durante-e-apos-a-execucao-das-obras","status":"publish","type":"post","link":"https:\/\/castelhano-ferreira.pt\/index.php\/2022\/02\/08\/ja-parou-para-refletir-porque-existem-problemas-antes-durante-e-apos-a-execucao-das-obras\/","title":{"rendered":"J\u00e1 parou para refletir porque existem problemas antes, durante e ap\u00f3s a execu\u00e7\u00e3o das obras?"},"content":{"rendered":"\n<p>Muitos dos problemas que surgem s\u00e3o provenientes dos seguintes factores:<\/p>\n\n\n\n<p>\u2013 Maus levantamentos \u2013 vem originar m\u00e1 execu\u00e7\u00e3o da obra;<\/p>\n\n\n\n<p>\u2013 Imprevistos em obra (ex. \u00e9 necess\u00e1rio partir uma parede que n\u00e3o estava prevista) \u2013&nbsp;poder\u00e3o originar atrasos.<\/p>\n\n\n\n<p>\u2013 Atraso de material \u2013&nbsp;o atraso de mat\u00e9ria-prima provoca incumprimento de&nbsp;<em>timings<\/em>&nbsp;previstos para a execu\u00e7\u00e3o de obras em curso pois, origina atrasos na produ\u00e7\u00e3o;&nbsp;<\/p>\n\n\n\n<p>\u2013 Material danificado em transporte.&nbsp;Posteriormente \u00e9 necess\u00e1ria a substitui\u00e7\u00e3o do mesmo (por exemplo, vidros, \u00e9 fundamental a fabrica\u00e7\u00e3o no caso de estes partirem).<\/p>\n\n\n\n<p>\u2013 Problemas com o planeamento: custo \u2013 tempo de execu\u00e7\u00e3o \u2013 incertezas por parte do cliente.&nbsp;<\/p>\n\n\n\n<p>A CASTELHANO E FERREIRA \u00e9 especializada na cria\u00e7\u00e3o de espa\u00e7os de trabalho em regime chave-na-m\u00e3o, de forma a ajud\u00e1-lo a ULTRAPASSAR quaisquer adversidades que possam surgir no momento da cria\u00e7\u00e3o do SEU ESPA\u00c7O DE TRABALHO.<\/p>\n\n\n\n<p>Descanse mais. Descanse melhor. A CASTELHANO E FERREIRA, a formular o seu espa\u00e7o!<\/p>\n\n\n\n<p>Problemas? Contacte-nos, n\u00f3s podemos resolver. \ud83d\udcde&nbsp;<a href=\"https:\/\/castelhano-ferreira.pt\/index.php\/contactos\/\"><strong>\ud83d\udce7<\/strong><\/a><\/p>\n\n\n\n<p><a href=\"https:\/\/castelhano-ferreira.pt\/\"><strong>castelhano-ferreira<\/strong><\/a><\/p>\n","protected":false},"excerpt":{"rendered":"<p>Muitos dos problemas que surgem s\u00e3o provenientes dos seguintes factores: \u2013 Maus levantamentos \u2013 vem originar m\u00e1 execu\u00e7\u00e3o da obra; \u2013 Imprevistos em obra (ex. \u00e9 necess\u00e1rio partir uma parede que n\u00e3o estava prevista) \u2013&nbsp;poder\u00e3o originar atrasos. \u2013 Atraso de material \u2013&nbsp;o atraso de mat\u00e9ria-prima provoca incumprimento de&nbsp;timings&nbsp;previstos para a execu\u00e7\u00e3o de obras em curso [&hellip;]<\/p>\n","protected":false},"author":3,"featured_media":11145,"comment_status":"open","ping_status":"closed","sticky":false,"template":"","format":"standard","meta":[],"categories":[339],"tags":[],"yoast_head":"<!-- This site is optimized with the Yoast SEO plugin v17.3 - https:\/\/yoast.com\/wordpress\/plugins\/seo\/ -->\n<title>J\u00e1 parou para refletir porque existem problemas antes, durante e ap\u00f3s a execu\u00e7\u00e3o das obras? - Castelhano e Ferreira<\/title>\n<meta name=\"robots\" content=\"index, follow, max-snippet:-1, max-image-preview:large, max-video-preview:-1\" \/>\n<link rel=\"canonical\" href=\"https:\/\/castelhano-ferreira.pt\/index.php\/2022\/02\/08\/ja-parou-para-refletir-porque-existem-problemas-antes-durante-e-apos-a-execucao-das-obras\/\" \/>\n<meta property=\"og:locale\" content=\"en_US\" \/>\n<meta property=\"og:type\" content=\"article\" \/>\n<meta property=\"og:title\" content=\"J\u00e1 parou para refletir porque existem problemas antes, durante e ap\u00f3s a execu\u00e7\u00e3o das obras? - Castelhano e Ferreira\" \/>\n<meta property=\"og:description\" content=\"Muitos dos problemas que surgem s\u00e3o provenientes dos seguintes factores: \u2013 Maus levantamentos \u2013 vem originar m\u00e1 execu\u00e7\u00e3o da obra; \u2013 Imprevistos em obra (ex. \u00e9 necess\u00e1rio partir uma parede que n\u00e3o estava prevista) \u2013&nbsp;poder\u00e3o originar atrasos. \u2013 Atraso de material \u2013&nbsp;o atraso de mat\u00e9ria-prima provoca incumprimento de&nbsp;timings&nbsp;previstos para a execu\u00e7\u00e3o de obras em curso [&hellip;]\" \/>\n<meta property=\"og:url\" content=\"https:\/\/castelhano-ferreira.pt\/index.php\/2022\/02\/08\/ja-parou-para-refletir-porque-existem-problemas-antes-durante-e-apos-a-execucao-das-obras\/\" \/>\n<meta property=\"og:site_name\" content=\"Castelhano e Ferreira\" \/>\n<meta property=\"article:published_time\" content=\"2022-02-08T10:28:00+00:00\" \/>\n<meta property=\"article:modified_time\" content=\"2022-03-10T10:31:29+00:00\" \/>\n<meta property=\"og:image\" content=\"https:\/\/castelhano-ferreira.pt\/wp-content\/uploads\/2022\/03\/03.jpg\" \/>\n\t<meta property=\"og:image:width\" content=\"1920\" \/>\n\t<meta property=\"og:image:height\" content=\"1080\" \/>\n<meta name=\"twitter:card\" content=\"summary_large_image\" \/>\n<meta name=\"twitter:label1\" content=\"Written by\" \/>\n\t<meta name=\"twitter:data1\" content=\"admin\" \/>\n\t<meta name=\"twitter:label2\" content=\"Est. reading time\" \/>\n\t<meta name=\"twitter:data2\" content=\"1 minute\" \/>\n<script type=\"application\/ld+json\" class=\"yoast-schema-graph\">{\"@context\":\"https:\/\/schema.org\",\"@graph\":[{\"@type\":\"WebSite\",\"@id\":\"https:\/\/castelhano-ferreira.pt\/#website\",\"url\":\"https:\/\/castelhano-ferreira.pt\/\",\"name\":\"Castelhano e Ferreira\",\"description\":\"Solu\\u00e7\\u00f5es Globais para Espa\\u00e7os de Trabalho\",\"potentialAction\":[{\"@type\":\"SearchAction\",\"target\":{\"@type\":\"EntryPoint\",\"urlTemplate\":\"https:\/\/castelhano-ferreira.pt\/?s={search_term_string}\"},\"query-input\":\"required name=search_term_string\"}],\"inLanguage\":\"en-US\"},{\"@type\":\"ImageObject\",\"@id\":\"https:\/\/castelhano-ferreira.pt\/index.php\/2022\/02\/08\/ja-parou-para-refletir-porque-existem-problemas-antes-durante-e-apos-a-execucao-das-obras\/#primaryimage\",\"inLanguage\":\"en-US\",\"url\":\"https:\/\/castelhano-ferreira.pt\/wp-content\/uploads\/2022\/03\/03.jpg\",\"contentUrl\":\"https:\/\/castelhano-ferreira.pt\/wp-content\/uploads\/2022\/03\/03.jpg\",\"width\":1920,\"height\":1080},{\"@type\":\"WebPage\",\"@id\":\"https:\/\/castelhano-ferreira.pt\/index.php\/2022\/02\/08\/ja-parou-para-refletir-porque-existem-problemas-antes-durante-e-apos-a-execucao-das-obras\/#webpage\",\"url\":\"https:\/\/castelhano-ferreira.pt\/index.php\/2022\/02\/08\/ja-parou-para-refletir-porque-existem-problemas-antes-durante-e-apos-a-execucao-das-obras\/\",\"name\":\"J\\u00e1 parou para refletir porque existem problemas antes, durante e ap\\u00f3s a execu\\u00e7\\u00e3o das obras? - Castelhano e Ferreira\",\"isPartOf\":{\"@id\":\"https:\/\/castelhano-ferreira.pt\/#website\"},\"primaryImageOfPage\":{\"@id\":\"https:\/\/castelhano-ferreira.pt\/index.php\/2022\/02\/08\/ja-parou-para-refletir-porque-existem-problemas-antes-durante-e-apos-a-execucao-das-obras\/#primaryimage\"},\"datePublished\":\"2022-02-08T10:28:00+00:00\",\"dateModified\":\"2022-03-10T10:31:29+00:00\",\"author\":{\"@id\":\"https:\/\/castelhano-ferreira.pt\/#\/schema\/person\/582657713a2aa1f74aafe8b6d5f96ae6\"},\"breadcrumb\":{\"@id\":\"https:\/\/castelhano-ferreira.pt\/index.php\/2022\/02\/08\/ja-parou-para-refletir-porque-existem-problemas-antes-durante-e-apos-a-execucao-das-obras\/#breadcrumb\"},\"inLanguage\":\"en-US\",\"potentialAction\":[{\"@type\":\"ReadAction\",\"target\":[\"https:\/\/castelhano-ferreira.pt\/index.php\/2022\/02\/08\/ja-parou-para-refletir-porque-existem-problemas-antes-durante-e-apos-a-execucao-das-obras\/\"]}]},{\"@type\":\"BreadcrumbList\",\"@id\":\"https:\/\/castelhano-ferreira.pt\/index.php\/2022\/02\/08\/ja-parou-para-refletir-porque-existem-problemas-antes-durante-e-apos-a-execucao-das-obras\/#breadcrumb\",\"itemListElement\":[{\"@type\":\"ListItem\",\"position\":1,\"name\":\"Home\",\"item\":\"https:\/\/castelhano-ferreira.pt\/\"},{\"@type\":\"ListItem\",\"position\":2,\"name\":\"J\\u00e1 parou para refletir porque existem problemas antes, durante e ap\\u00f3s a execu\\u00e7\\u00e3o das obras?\"}]},{\"@type\":\"Person\",\"@id\":\"https:\/\/castelhano-ferreira.pt\/#\/schema\/person\/582657713a2aa1f74aafe8b6d5f96ae6\",\"name\":\"admin\",\"image\":{\"@type\":\"ImageObject\",\"@id\":\"https:\/\/castelhano-ferreira.pt\/#personlogo\",\"inLanguage\":\"en-US\",\"url\":\"https:\/\/secure.gravatar.com\/avatar\/1cec9a2e4d73d72823aef4ace09de84c?s=96&d=mm&r=g\",\"contentUrl\":\"https:\/\/secure.gravatar.com\/avatar\/1cec9a2e4d73d72823aef4ace09de84c?s=96&d=mm&r=g\",\"caption\":\"admin\"},\"url\":\"https:\/\/castelhano-ferreira.pt\/index.php\/author\/admin\/\"}]}<\/script>\n<!-- \/ Yoast SEO plugin. -->","yoast_head_json":{"title":"J\u00e1 parou para refletir porque existem problemas antes, durante e ap\u00f3s a execu\u00e7\u00e3o das obras? - Castelhano e Ferreira","robots":{"index":"index","follow":"follow","max-snippet":"max-snippet:-1","max-image-preview":"max-image-preview:large","max-video-preview":"max-video-preview:-1"},"canonical":"https:\/\/castelhano-ferreira.pt\/index.php\/2022\/02\/08\/ja-parou-para-refletir-porque-existem-problemas-antes-durante-e-apos-a-execucao-das-obras\/","og_locale":"en_US","og_type":"article","og_title":"J\u00e1 parou para refletir porque existem problemas antes, durante e ap\u00f3s a execu\u00e7\u00e3o das obras? - Castelhano e Ferreira","og_description":"Muitos dos problemas que surgem s\u00e3o provenientes dos seguintes factores: \u2013 Maus levantamentos \u2013 vem originar m\u00e1 execu\u00e7\u00e3o da obra; \u2013 Imprevistos em obra (ex. \u00e9 necess\u00e1rio partir uma parede que n\u00e3o estava prevista) \u2013&nbsp;poder\u00e3o originar atrasos. \u2013 Atraso de material \u2013&nbsp;o atraso de mat\u00e9ria-prima provoca incumprimento de&nbsp;timings&nbsp;previstos para a execu\u00e7\u00e3o de obras em curso [&hellip;]","og_url":"https:\/\/castelhano-ferreira.pt\/index.php\/2022\/02\/08\/ja-parou-para-refletir-porque-existem-problemas-antes-durante-e-apos-a-execucao-das-obras\/","og_site_name":"Castelhano e Ferreira","article_published_time":"2022-02-08T10:28:00+00:00","article_modified_time":"2022-03-10T10:31:29+00:00","og_image":[{"width":1920,"height":1080,"url":"https:\/\/castelhano-ferreira.pt\/wp-content\/uploads\/2022\/03\/03.jpg","type":"image\/jpeg"}],"twitter_card":"summary_large_image","twitter_misc":{"Written by":"admin","Est. reading time":"1 minute"},"schema":{"@context":"https:\/\/schema.org","@graph":[{"@type":"WebSite","@id":"https:\/\/castelhano-ferreira.pt\/#website","url":"https:\/\/castelhano-ferreira.pt\/","name":"Castelhano e Ferreira","description":"Solu\u00e7\u00f5es Globais para Espa\u00e7os de Trabalho","potentialAction":[{"@type":"SearchAction","target":{"@type":"EntryPoint","urlTemplate":"https:\/\/castelhano-ferreira.pt\/?s={search_term_string}"},"query-input":"required name=search_term_string"}],"inLanguage":"en-US"},{"@type":"ImageObject","@id":"https:\/\/castelhano-ferreira.pt\/index.php\/2022\/02\/08\/ja-parou-para-refletir-porque-existem-problemas-antes-durante-e-apos-a-execucao-das-obras\/#primaryimage","inLanguage":"en-US","url":"https:\/\/castelhano-ferreira.pt\/wp-content\/uploads\/2022\/03\/03.jpg","contentUrl":"https:\/\/castelhano-ferreira.pt\/wp-content\/uploads\/2022\/03\/03.jpg","width":1920,"height":1080},{"@type":"WebPage","@id":"https:\/\/castelhano-ferreira.pt\/index.php\/2022\/02\/08\/ja-parou-para-refletir-porque-existem-problemas-antes-durante-e-apos-a-execucao-das-obras\/#webpage","url":"https:\/\/castelhano-ferreira.pt\/index.php\/2022\/02\/08\/ja-parou-para-refletir-porque-existem-problemas-antes-durante-e-apos-a-execucao-das-obras\/","name":"J\u00e1 parou para refletir porque existem problemas antes, durante e ap\u00f3s a execu\u00e7\u00e3o das obras? - Castelhano e Ferreira","isPartOf":{"@id":"https:\/\/castelhano-ferreira.pt\/#website"},"primaryImageOfPage":{"@id":"https:\/\/castelhano-ferreira.pt\/index.php\/2022\/02\/08\/ja-parou-para-refletir-porque-existem-problemas-antes-durante-e-apos-a-execucao-das-obras\/#primaryimage"},"datePublished":"2022-02-08T10:28:00+00:00","dateModified":"2022-03-10T10:31:29+00:00","author":{"@id":"https:\/\/castelhano-ferreira.pt\/#\/schema\/person\/582657713a2aa1f74aafe8b6d5f96ae6"},"breadcrumb":{"@id":"https:\/\/castelhano-ferreira.pt\/index.php\/2022\/02\/08\/ja-parou-para-refletir-porque-existem-problemas-antes-durante-e-apos-a-execucao-das-obras\/#breadcrumb"},"inLanguage":"en-US","potentialAction":[{"@type":"ReadAction","target":["https:\/\/castelhano-ferreira.pt\/index.php\/2022\/02\/08\/ja-parou-para-refletir-porque-existem-problemas-antes-durante-e-apos-a-execucao-das-obras\/"]}]},{"@type":"BreadcrumbList","@id":"https:\/\/castelhano-ferreira.pt\/index.php\/2022\/02\/08\/ja-parou-para-refletir-porque-existem-problemas-antes-durante-e-apos-a-execucao-das-obras\/#breadcrumb","itemListElement":[{"@type":"ListItem","position":1,"name":"Home","item":"https:\/\/castelhano-ferreira.pt\/"},{"@type":"ListItem","position":2,"name":"J\u00e1 parou para refletir porque existem problemas antes, durante e ap\u00f3s a execu\u00e7\u00e3o das obras?"}]},{"@type":"Person","@id":"https:\/\/castelhano-ferreira.pt\/#\/schema\/person\/582657713a2aa1f74aafe8b6d5f96ae6","name":"admin","image":{"@type":"ImageObject","@id":"https:\/\/castelhano-ferreira.pt\/#personlogo","inLanguage":"en-US","url":"https:\/\/secure.gravatar.com\/avatar\/1cec9a2e4d73d72823aef4ace09de84c?s=96&d=mm&r=g","contentUrl":"https:\/\/secure.gravatar.com\/avatar\/1cec9a2e4d73d72823aef4ace09de84c?s=96&d=mm&r=g","caption":"admin"},"url":"https:\/\/castelhano-ferreira.pt\/index.php\/author\/admin\/"}]}},"_links":{"self":[{"href":"https:\/\/castelhano-ferreira.pt\/index.php\/wp-json\/wp\/v2\/posts\/11144"}],"collection":[{"href":"https:\/\/castelhano-ferreira.pt\/index.php\/wp-json\/wp\/v2\/posts"}],"about":[{"href":"https:\/\/castelhano-ferreira.pt\/index.php\/wp-json\/wp\/v2\/types\/post"}],"author":[{"embeddable":true,"href":"https:\/\/castelhano-ferreira.pt\/index.php\/wp-json\/wp\/v2\/users\/3"}],"replies":[{"embeddable":true,"href":"https:\/\/castelhano-ferreira.pt\/index.php\/wp-json\/wp\/v2\/comments?post=11144"}],"version-history":[{"count":1,"href":"https:\/\/castelhano-ferreira.pt\/index.php\/wp-json\/wp\/v2\/posts\/11144\/revisions"}],"predecessor-version":[{"id":11146,"href":"https:\/\/castelhano-ferreira.pt\/index.php\/wp-json\/wp\/v2\/posts\/11144\/revisions\/11146"}],"wp:featuredmedia":[{"embeddable":true,"href":"https:\/\/castelhano-ferreira.pt\/index.php\/wp-json\/wp\/v2\/media\/11145"}],"wp:attachment":[{"href":"https:\/\/castelhano-ferreira.pt\/index.php\/wp-json\/wp\/v2\/media?parent=11144"}],"wp:term":[{"taxonomy":"category","embeddable":true,"href":"https:\/\/castelhano-ferreira.pt\/index.php\/wp-json\/wp\/v2\/categories?post=11144"},{"taxonomy":"post_tag","embeddable":true,"href":"https:\/\/castelhano-ferreira.pt\/index.php\/wp-json\/wp\/v2\/tags?post=11144"}],"curies":[{"name":"wp","href":"https:\/\/api.w.org\/{rel}","templated":true}]}}