{"id":11151,"date":"2022-02-08T10:35:00","date_gmt":"2022-02-08T10:35:00","guid":{"rendered":"https:\/\/castelhano-ferreira.pt\/?p=11151"},"modified":"2022-03-10T10:39:14","modified_gmt":"2022-03-10T10:39:14","slug":"perguntasfrequentes","status":"publish","type":"post","link":"https:\/\/castelhano-ferreira.pt\/index.php\/2022\/02\/08\/perguntasfrequentes\/","title":{"rendered":"#PERGUNTASFREQUENTES"},"content":{"rendered":"\n<p><strong>1.Tenho um Espa\u00e7o de Trabalho. Quais s\u00e3o as solu\u00e7\u00f5es que oferecem?<\/strong><\/p>\n\n\n\n<p>A Castelhano e Ferreira \u00e9 uma empresa que se preocupa com as necessidades de cada espa\u00e7o individualmente e com foco na mudan\u00e7a da forma como o mundo v\u00ea as obras. Idealizamos, fabricamos, comercializamos e aplicamos os diversos produtos, como Ac\u00fastica, Divis\u00f3rias, Paredes M\u00f3veis, Mobili\u00e1rio e Pavimento na constru\u00e7\u00e3o de espa\u00e7os de trabalho.&nbsp;<a href=\"https:\/\/castelhano-ferreira.pt\/index.php\/marcas\" target=\"_blank\" rel=\"noreferrer noopener\">Saiba mais.<\/a><\/p>\n\n\n\n<p><strong>2. Onde posso visualizar o portf\u00f3lio da Castelhano e Ferreira, bem como os vossos produtos?<\/strong><\/p>\n\n\n\n<p>V\u00e1 at\u00e9&nbsp;<a href=\"http:\/\/www.castelhano-ferreira.pt\/\" target=\"_blank\" rel=\"noreferrer noopener\">www.castelhano-ferreira.pt<\/a>&nbsp;e descubra um mundo de solu\u00e7\u00f5es perfeitas para o seu espa\u00e7o de trabalho.<\/p>\n\n\n\n<p><strong>3. A Castelhano e Ferreira executa&nbsp;<\/strong><a href=\"http:\/\/www.castelhano-ferreira.pt\/\" target=\"_blank\" rel=\"noreferrer noopener\"><strong>o<\/strong>bras chave-na-m\u00e3o<\/a><strong>?<\/strong><\/p>\n\n\n\n<p>Entregamos aos nossos clientes a solu\u00e7\u00e3o ideal para cada espa\u00e7o de trabalho, de acordo com cada necessidade \u00fanica. Uma das nossas fortes carater\u00edsticas sempre foi e sempre ser\u00e1 a materializa\u00e7\u00e3o dos projetos em espa\u00e7os reais.<\/p>\n\n\n\n<p><strong>4. Tenho o meu projeto. Posso pedir uma solu\u00e7\u00e3o?<\/strong><\/p>\n\n\n\n<p>Sim. A Castelhano e Ferreira disp\u00f5e de in\u00fameras solu\u00e7\u00f5es que v\u00e3o ao encontro das necessidades de cada espa\u00e7o e projeto. A vasta experi\u00eancia da nossa equipa permite a conce\u00e7\u00e3o de produtos exclusivos que tornam os espa\u00e7os funcionais e \u00fanicos.<\/p>\n\n\n\n<p><strong>5. Fornecem material para fora de Portugal?<\/strong><\/p>\n\n\n\n<p>Atrav\u00e9s da nossa marca&nbsp;<a href=\"http:\/\/www.planoffice.com\">PLANOFFICE<\/a>&nbsp;, fazemos chegar as nossas melhores solu\u00e7\u00f5es a diversos cantos do mundo.&nbsp;<\/p>\n\n\n\n<p><strong>6. Como ter um espa\u00e7o todo em vidro e com bom comportamento ac\u00fastico?<\/strong><\/p>\n\n\n\n<p>Deixamos algumas dicas: Mobili\u00e1rio (tecidos), Alcatifa, Tetos Perfurados, Estores e Elementos m\u00f3veis decorativos de absor\u00e7\u00e3o. Fale connosco e podemos sugerir o que for mais adequado ao seu espa\u00e7o. Saiba mais&nbsp;<a href=\"http:\/\/www.castelhano-ferreira.pt\/\" target=\"_blank\" rel=\"noreferrer noopener\">aqui<\/a>.<\/p>\n\n\n\n<p><strong>7. Para aplicar uma parede m\u00f3vel, basta ter em considera\u00e7\u00e3o o espa\u00e7o de arrumo da mesma?<\/strong><\/p>\n\n\n\n<p>Precisa de ter em considera\u00e7\u00e3o os seguintes fatores:<\/p>\n\n\n\n<p><strong>a)&nbsp;<\/strong>Dimens\u00e3o;<\/p>\n\n\n\n<p><strong>b)<\/strong>&nbsp;Onde pretende arrumar a parede m\u00f3vel?<\/p>\n\n\n\n<p><strong>c)&nbsp;<\/strong>O isolamento \u00e9 importante?<\/p>\n\n\n\n<p><strong>d)<\/strong>&nbsp;Tem algum suporte para fixar a parede m\u00f3vel? Se n\u00e3o, qual a solu\u00e7\u00e3o poss\u00edvel para o seu espa\u00e7o e qual pretende?<\/p>\n\n\n\n<p><strong>e)<\/strong>&nbsp;\u00c9 necess\u00e1ria uma porta?<\/p>\n\n\n\n<p><strong>f)<\/strong>&nbsp;Acabamentos.&nbsp;<\/p>\n\n\n\n<p><strong>8. Como posso obter as vossas melhores solu\u00e7\u00f5es de mobili\u00e1rio para espa\u00e7os de trabalho?<\/strong><\/p>\n\n\n\n<p>Deixamos todo o processo a ter em considera\u00e7\u00e3o:<\/p>\n\n\n\n<p>1. Fale com o nosso comercial e indique-lhe todas as informa\u00e7\u00f5es acerca do mobili\u00e1rio que idealiza para o seu espa\u00e7o.<\/p>\n\n\n\n<p>2. Apresentamos as nossas melhores solu\u00e7\u00f5es atrav\u00e9s dos nossos desenhos t\u00e9cnicos e representa\u00e7\u00f5es visuais 3D.<\/p>\n\n\n\n<p>3. Das propostas apresentadas, escolha a solu\u00e7\u00e3o que mais se enquadra com a sua necessidade.<\/p>\n\n\n\n<p>4. A partir daqui \u00e9 connosco: concebemos, fornecemos e aplicamos!<\/p>\n\n\n\n<p>Saiba mais sobre a nossa marca de mobili\u00e1rio&nbsp;<a href=\"https:\/\/castelhano-ferreira.pt\/index.php\/mobiliario\/\" target=\"_blank\" rel=\"noreferrer noopener\">aqui<\/a>.<\/p>\n\n\n\n<p><strong>9. Porque devo optar por materiais como a madeira maci\u00e7a?<\/strong><\/p>\n\n\n\n<p>A madeira maci\u00e7a, al\u00e9m de natural e nobre \u00e9 um material com alta durabilidade e sustentabilidade e a sua maior vantagem \u00e9 a resist\u00eancia a danos, muito superior aos laminados. A madeira maci\u00e7a garante eleg\u00e2ncia, sofistica\u00e7\u00e3o e nobreza; melhor rela\u00e7\u00e3o custo vs. benef\u00edcio e, para finalizar, \u00e9 mais ecol\u00f3gica.&nbsp;J\u00e1 conhece os nossos pain\u00e9is ac\u00fasticos Solid Wood?<\/p>\n\n\n\n<p><strong>10. Posso adquirir um painel ac\u00fastico com classe de resist\u00eancia ao fogo A1 e com acabamento laminado?<\/strong><\/p>\n\n\n\n<p>Um painel ac\u00fastico com classifica\u00e7\u00e3o A1 \u00e9 um tipo de painel onde n\u00e3o s\u00e3o considerados quaisquer acabamentos nem tela ac\u00fastica. Se pretender acabamentos especiais, deve optar pela solu\u00e7\u00e3o de pain\u00e9is ac\u00fasticos com classifica\u00e7\u00e3o A2 que, por sua vez, permitem manipula\u00e7\u00e3o.<\/p>\n\n\n\n<p>Achou \u00fatil?<\/p>\n\n\n\n<p>Deixe-nos as suas quest\u00f5es abaixo e faremos o nosso melhor para responder a todas. \ud83d\ude09<\/p>\n\n\n\n<p><a href=\"http:\/\/www.castelhano-ferreira.pt\/\" target=\"_blank\" rel=\"noreferrer noopener\">castelhano-ferreira.pt<\/a>&nbsp;<a href=\"http:\/\/geral@castelhano-ferreira.pt\/\" target=\"_blank\" rel=\"noreferrer noopener\">\ud83d\udce9<\/a>\ud83d\udcde<\/p>\n","protected":false},"excerpt":{"rendered":"<p>1.Tenho um Espa\u00e7o de Trabalho. Quais s\u00e3o as solu\u00e7\u00f5es que oferecem? A Castelhano e Ferreira \u00e9 uma empresa que se preocupa com as necessidades de cada espa\u00e7o individualmente e com foco na mudan\u00e7a da forma como o mundo v\u00ea as obras. Idealizamos, fabricamos, comercializamos e aplicamos os diversos produtos, como Ac\u00fastica, Divis\u00f3rias, Paredes M\u00f3veis, Mobili\u00e1rio [&hellip;]<\/p>\n","protected":false},"author":3,"featured_media":11155,"comment_status":"open","ping_status":"closed","sticky":false,"template":"","format":"standard","meta":[],"categories":[339],"tags":[],"yoast_head":"<!-- This site is optimized with the Yoast SEO plugin v17.3 - https:\/\/yoast.com\/wordpress\/plugins\/seo\/ -->\n<title>#PERGUNTASFREQUENTES - Castelhano e Ferreira<\/title>\n<meta name=\"robots\" content=\"index, follow, max-snippet:-1, max-image-preview:large, max-video-preview:-1\" \/>\n<link rel=\"canonical\" href=\"https:\/\/castelhano-ferreira.pt\/index.php\/2022\/02\/08\/perguntasfrequentes\/\" \/>\n<meta property=\"og:locale\" content=\"en_US\" \/>\n<meta property=\"og:type\" content=\"article\" \/>\n<meta property=\"og:title\" content=\"#PERGUNTASFREQUENTES - Castelhano e Ferreira\" \/>\n<meta property=\"og:description\" content=\"1.Tenho um Espa\u00e7o de Trabalho. Quais s\u00e3o as solu\u00e7\u00f5es que oferecem? A Castelhano e Ferreira \u00e9 uma empresa que se preocupa com as necessidades de cada espa\u00e7o individualmente e com foco na mudan\u00e7a da forma como o mundo v\u00ea as obras. Idealizamos, fabricamos, comercializamos e aplicamos os diversos produtos, como Ac\u00fastica, Divis\u00f3rias, Paredes M\u00f3veis, Mobili\u00e1rio [&hellip;]\" \/>\n<meta property=\"og:url\" content=\"https:\/\/castelhano-ferreira.pt\/index.php\/2022\/02\/08\/perguntasfrequentes\/\" \/>\n<meta property=\"og:site_name\" content=\"Castelhano e Ferreira\" \/>\n<meta property=\"article:published_time\" content=\"2022-02-08T10:35:00+00:00\" \/>\n<meta property=\"article:modified_time\" content=\"2022-03-10T10:39:14+00:00\" \/>\n<meta property=\"og:image\" content=\"https:\/\/castelhano-ferreira.pt\/wp-content\/uploads\/2022\/03\/04.jpg\" \/>\n\t<meta property=\"og:image:width\" content=\"1920\" \/>\n\t<meta property=\"og:image:height\" content=\"1080\" \/>\n<meta name=\"twitter:card\" content=\"summary_large_image\" \/>\n<meta name=\"twitter:label1\" content=\"Written by\" \/>\n\t<meta name=\"twitter:data1\" content=\"admin\" \/>\n\t<meta name=\"twitter:label2\" content=\"Est. reading time\" \/>\n\t<meta name=\"twitter:data2\" content=\"3 minutes\" \/>\n<script type=\"application\/ld+json\" class=\"yoast-schema-graph\">{\"@context\":\"https:\/\/schema.org\",\"@graph\":[{\"@type\":\"WebSite\",\"@id\":\"https:\/\/castelhano-ferreira.pt\/#website\",\"url\":\"https:\/\/castelhano-ferreira.pt\/\",\"name\":\"Castelhano e Ferreira\",\"description\":\"Solu\\u00e7\\u00f5es Globais para Espa\\u00e7os de Trabalho\",\"potentialAction\":[{\"@type\":\"SearchAction\",\"target\":{\"@type\":\"EntryPoint\",\"urlTemplate\":\"https:\/\/castelhano-ferreira.pt\/?s={search_term_string}\"},\"query-input\":\"required name=search_term_string\"}],\"inLanguage\":\"en-US\"},{\"@type\":\"ImageObject\",\"@id\":\"https:\/\/castelhano-ferreira.pt\/index.php\/2022\/02\/08\/perguntasfrequentes\/#primaryimage\",\"inLanguage\":\"en-US\",\"url\":\"https:\/\/castelhano-ferreira.pt\/wp-content\/uploads\/2022\/03\/04.jpg\",\"contentUrl\":\"https:\/\/castelhano-ferreira.pt\/wp-content\/uploads\/2022\/03\/04.jpg\",\"width\":1920,\"height\":1080},{\"@type\":\"WebPage\",\"@id\":\"https:\/\/castelhano-ferreira.pt\/index.php\/2022\/02\/08\/perguntasfrequentes\/#webpage\",\"url\":\"https:\/\/castelhano-ferreira.pt\/index.php\/2022\/02\/08\/perguntasfrequentes\/\",\"name\":\"#PERGUNTASFREQUENTES - Castelhano e Ferreira\",\"isPartOf\":{\"@id\":\"https:\/\/castelhano-ferreira.pt\/#website\"},\"primaryImageOfPage\":{\"@id\":\"https:\/\/castelhano-ferreira.pt\/index.php\/2022\/02\/08\/perguntasfrequentes\/#primaryimage\"},\"datePublished\":\"2022-02-08T10:35:00+00:00\",\"dateModified\":\"2022-03-10T10:39:14+00:00\",\"author\":{\"@id\":\"https:\/\/castelhano-ferreira.pt\/#\/schema\/person\/582657713a2aa1f74aafe8b6d5f96ae6\"},\"breadcrumb\":{\"@id\":\"https:\/\/castelhano-ferreira.pt\/index.php\/2022\/02\/08\/perguntasfrequentes\/#breadcrumb\"},\"inLanguage\":\"en-US\",\"potentialAction\":[{\"@type\":\"ReadAction\",\"target\":[\"https:\/\/castelhano-ferreira.pt\/index.php\/2022\/02\/08\/perguntasfrequentes\/\"]}]},{\"@type\":\"BreadcrumbList\",\"@id\":\"https:\/\/castelhano-ferreira.pt\/index.php\/2022\/02\/08\/perguntasfrequentes\/#breadcrumb\",\"itemListElement\":[{\"@type\":\"ListItem\",\"position\":1,\"name\":\"Home\",\"item\":\"https:\/\/castelhano-ferreira.pt\/\"},{\"@type\":\"ListItem\",\"position\":2,\"name\":\"#PERGUNTASFREQUENTES\"}]},{\"@type\":\"Person\",\"@id\":\"https:\/\/castelhano-ferreira.pt\/#\/schema\/person\/582657713a2aa1f74aafe8b6d5f96ae6\",\"name\":\"admin\",\"image\":{\"@type\":\"ImageObject\",\"@id\":\"https:\/\/castelhano-ferreira.pt\/#personlogo\",\"inLanguage\":\"en-US\",\"url\":\"https:\/\/secure.gravatar.com\/avatar\/1cec9a2e4d73d72823aef4ace09de84c?s=96&d=mm&r=g\",\"contentUrl\":\"https:\/\/secure.gravatar.com\/avatar\/1cec9a2e4d73d72823aef4ace09de84c?s=96&d=mm&r=g\",\"caption\":\"admin\"},\"url\":\"https:\/\/castelhano-ferreira.pt\/index.php\/author\/admin\/\"}]}<\/script>\n<!-- \/ Yoast SEO plugin. -->","yoast_head_json":{"title":"#PERGUNTASFREQUENTES - Castelhano e Ferreira","robots":{"index":"index","follow":"follow","max-snippet":"max-snippet:-1","max-image-preview":"max-image-preview:large","max-video-preview":"max-video-preview:-1"},"canonical":"https:\/\/castelhano-ferreira.pt\/index.php\/2022\/02\/08\/perguntasfrequentes\/","og_locale":"en_US","og_type":"article","og_title":"#PERGUNTASFREQUENTES - Castelhano e Ferreira","og_description":"1.Tenho um Espa\u00e7o de Trabalho. Quais s\u00e3o as solu\u00e7\u00f5es que oferecem? A Castelhano e Ferreira \u00e9 uma empresa que se preocupa com as necessidades de cada espa\u00e7o individualmente e com foco na mudan\u00e7a da forma como o mundo v\u00ea as obras. Idealizamos, fabricamos, comercializamos e aplicamos os diversos produtos, como Ac\u00fastica, Divis\u00f3rias, Paredes M\u00f3veis, Mobili\u00e1rio [&hellip;]","og_url":"https:\/\/castelhano-ferreira.pt\/index.php\/2022\/02\/08\/perguntasfrequentes\/","og_site_name":"Castelhano e Ferreira","article_published_time":"2022-02-08T10:35:00+00:00","article_modified_time":"2022-03-10T10:39:14+00:00","og_image":[{"width":1920,"height":1080,"url":"https:\/\/castelhano-ferreira.pt\/wp-content\/uploads\/2022\/03\/04.jpg","type":"image\/jpeg"}],"twitter_card":"summary_large_image","twitter_misc":{"Written by":"admin","Est. reading time":"3 minutes"},"schema":{"@context":"https:\/\/schema.org","@graph":[{"@type":"WebSite","@id":"https:\/\/castelhano-ferreira.pt\/#website","url":"https:\/\/castelhano-ferreira.pt\/","name":"Castelhano e Ferreira","description":"Solu\u00e7\u00f5es Globais para Espa\u00e7os de Trabalho","potentialAction":[{"@type":"SearchAction","target":{"@type":"EntryPoint","urlTemplate":"https:\/\/castelhano-ferreira.pt\/?s={search_term_string}"},"query-input":"required name=search_term_string"}],"inLanguage":"en-US"},{"@type":"ImageObject","@id":"https:\/\/castelhano-ferreira.pt\/index.php\/2022\/02\/08\/perguntasfrequentes\/#primaryimage","inLanguage":"en-US","url":"https:\/\/castelhano-ferreira.pt\/wp-content\/uploads\/2022\/03\/04.jpg","contentUrl":"https:\/\/castelhano-ferreira.pt\/wp-content\/uploads\/2022\/03\/04.jpg","width":1920,"height":1080},{"@type":"WebPage","@id":"https:\/\/castelhano-ferreira.pt\/index.php\/2022\/02\/08\/perguntasfrequentes\/#webpage","url":"https:\/\/castelhano-ferreira.pt\/index.php\/2022\/02\/08\/perguntasfrequentes\/","name":"#PERGUNTASFREQUENTES - Castelhano e Ferreira","isPartOf":{"@id":"https:\/\/castelhano-ferreira.pt\/#website"},"primaryImageOfPage":{"@id":"https:\/\/castelhano-ferreira.pt\/index.php\/2022\/02\/08\/perguntasfrequentes\/#primaryimage"},"datePublished":"2022-02-08T10:35:00+00:00","dateModified":"2022-03-10T10:39:14+00:00","author":{"@id":"https:\/\/castelhano-ferreira.pt\/#\/schema\/person\/582657713a2aa1f74aafe8b6d5f96ae6"},"breadcrumb":{"@id":"https:\/\/castelhano-ferreira.pt\/index.php\/2022\/02\/08\/perguntasfrequentes\/#breadcrumb"},"inLanguage":"en-US","potentialAction":[{"@type":"ReadAction","target":["https:\/\/castelhano-ferreira.pt\/index.php\/2022\/02\/08\/perguntasfrequentes\/"]}]},{"@type":"BreadcrumbList","@id":"https:\/\/castelhano-ferreira.pt\/index.php\/2022\/02\/08\/perguntasfrequentes\/#breadcrumb","itemListElement":[{"@type":"ListItem","position":1,"name":"Home","item":"https:\/\/castelhano-ferreira.pt\/"},{"@type":"ListItem","position":2,"name":"#PERGUNTASFREQUENTES"}]},{"@type":"Person","@id":"https:\/\/castelhano-ferreira.pt\/#\/schema\/person\/582657713a2aa1f74aafe8b6d5f96ae6","name":"admin","image":{"@type":"ImageObject","@id":"https:\/\/castelhano-ferreira.pt\/#personlogo","inLanguage":"en-US","url":"https:\/\/secure.gravatar.com\/avatar\/1cec9a2e4d73d72823aef4ace09de84c?s=96&d=mm&r=g","contentUrl":"https:\/\/secure.gravatar.com\/avatar\/1cec9a2e4d73d72823aef4ace09de84c?s=96&d=mm&r=g","caption":"admin"},"url":"https:\/\/castelhano-ferreira.pt\/index.php\/author\/admin\/"}]}},"_links":{"self":[{"href":"https:\/\/castelhano-ferreira.pt\/index.php\/wp-json\/wp\/v2\/posts\/11151"}],"collection":[{"href":"https:\/\/castelhano-ferreira.pt\/index.php\/wp-json\/wp\/v2\/posts"}],"about":[{"href":"https:\/\/castelhano-ferreira.pt\/index.php\/wp-json\/wp\/v2\/types\/post"}],"author":[{"embeddable":true,"href":"https:\/\/castelhano-ferreira.pt\/index.php\/wp-json\/wp\/v2\/users\/3"}],"replies":[{"embeddable":true,"href":"https:\/\/castelhano-ferreira.pt\/index.php\/wp-json\/wp\/v2\/comments?post=11151"}],"version-history":[{"count":2,"href":"https:\/\/castelhano-ferreira.pt\/index.php\/wp-json\/wp\/v2\/posts\/11151\/revisions"}],"predecessor-version":[{"id":11157,"href":"https:\/\/castelhano-ferreira.pt\/index.php\/wp-json\/wp\/v2\/posts\/11151\/revisions\/11157"}],"wp:featuredmedia":[{"embeddable":true,"href":"https:\/\/castelhano-ferreira.pt\/index.php\/wp-json\/wp\/v2\/media\/11155"}],"wp:attachment":[{"href":"https:\/\/castelhano-ferreira.pt\/index.php\/wp-json\/wp\/v2\/media?parent=11151"}],"wp:term":[{"taxonomy":"category","embeddable":true,"href":"https:\/\/castelhano-ferreira.pt\/index.php\/wp-json\/wp\/v2\/categories?post=11151"},{"taxonomy":"post_tag","embeddable":true,"href":"https:\/\/castelhano-ferreira.pt\/index.php\/wp-json\/wp\/v2\/tags?post=11151"}],"curies":[{"name":"wp","href":"https:\/\/api.w.org\/{rel}","templated":true}]}}