{"id":11208,"date":"2022-03-28T14:38:38","date_gmt":"2022-03-28T14:38:38","guid":{"rendered":"https:\/\/castelhano-ferreira.pt\/?p=11208"},"modified":"2022-03-28T14:38:40","modified_gmt":"2022-03-28T14:38:40","slug":"acustica-para-espacos-de-restauracao","status":"publish","type":"post","link":"https:\/\/castelhano-ferreira.pt\/index.php\/2022\/03\/28\/acustica-para-espacos-de-restauracao\/","title":{"rendered":"Ac\u00fastica para Espa\u00e7os de Restaura\u00e7\u00e3o"},"content":{"rendered":"\n<p>Quantas vezes foi a um restaurante ao qual n\u00e3o voltou, n\u00e3o pela qualidade da comida, mas sim pela est\u00e9tica do espa\u00e7o n\u00e3o se enquadrar com a sua personalidade e conforto?<\/p>\n\n\n\n<p>A atratividade de um espa\u00e7o de refei\u00e7\u00e3o n\u00e3o est\u00e1 somente relacionada com a qualidade da comida, mas tamb\u00e9m com os seguintes fatores:<\/p>\n\n\n\n<ol><li>Quest\u00f5es operacionais e organizativas do restaurante;<\/li><li>Servi\u00e7o de Atendimento;<\/li><li>Identidade visual e projeto de arquitetura e interiores dos espa\u00e7os. <\/li><\/ol>\n\n\n\n<p><em><strong>Espa\u00e7os agrad\u00e1veis e com conforto ac\u00fastico, t\u00e9rmico e luminoso influenciam na escolha e acolhimento do p\u00fablico que tenciona ter um momento descontra\u00eddo e sossegado. <\/strong><\/em><\/p>\n\n\n\n<p>Nos restaurantes, a ac\u00fastica \u00e9 considerada um aspeto fulcral para os espa\u00e7os no que toca ao conforto e atratividade. Estas quest\u00f5es ac\u00fasticas devem ser pensadas na fase de conce\u00e7\u00e3o do projeto, permitindo a redu\u00e7\u00e3o de custos, interven\u00e7\u00f5es futuras e evitando quaisquer surpresas indesej\u00e1veis. <\/p>\n\n\n\n<ol><li>Superf\u00edcies r\u00edgidas com baixo coeficiente de absor\u00e7\u00e3o;<\/li><li>Cozinhas inseridas no mesmo espa\u00e7o de refei\u00e7\u00e3o;<\/li><li>M\u00fasica ao vivo; <\/li><li>Mesas muito pr\u00f3ximas umas das outras; <\/li><li>Movimenta\u00e7\u00e3o de mobili\u00e1rio. <\/li><\/ol>\n\n\n\n<p><strong>Como solucionar?<\/strong> \u2b07<\/p>\n\n\n\n<ul><li>Aquisi\u00e7\u00e3o de mobili\u00e1rio adequado e que permita o conforto ac\u00fastico, com cadeiras com estofos, por exemplo e n\u00e3o madeira ou pl\u00e1stico;<\/li><li>Conjuga\u00e7\u00e3o de elementos ac\u00fasticos decorativos, com a est\u00e9tica pretendida para o espa\u00e7o como por exemplo, forros ac\u00fasticos, nuvens ac\u00fasticas revestimento de paredes e tetos, entre outros;<\/li><li>Facilidade de manuten\u00e7\u00e3o e limpeza dos materiais ac\u00fasticos aplicados. <\/li><\/ul>\n\n\n\n<p>Achou \u00fatil? \ud83e\udd14<\/p>\n\n\n\n<p>Visite-nos em <a href=\"http:\/\/www.castelhano-ferreira.pt\">castelhano-ferreira.pt<\/a> ou <a href=\"http:\/\/www.planoffice.com\">planoffice.com<\/a> e descubra as solu\u00e7\u00f5es <a href=\"https:\/\/castelhano-ferreira.pt\/index.php\/paineis-acusticos\/\">Ac\u00fastica21<\/a> que mais se adequam a si. \ud83d\ude09<\/p>\n\n\n\n<p><\/p>\n","protected":false},"excerpt":{"rendered":"<p>Quantas vezes foi a um restaurante ao qual n\u00e3o voltou, n\u00e3o pela qualidade da comida, mas sim pela est\u00e9tica do espa\u00e7o n\u00e3o se enquadrar com a sua personalidade e conforto? A atratividade de um espa\u00e7o de refei\u00e7\u00e3o n\u00e3o est\u00e1 somente relacionada com a qualidade da comida, mas tamb\u00e9m com os seguintes fatores: Quest\u00f5es operacionais e [&hellip;]<\/p>\n","protected":false},"author":4,"featured_media":11212,"comment_status":"open","ping_status":"closed","sticky":false,"template":"","format":"standard","meta":[],"categories":[339],"tags":[],"yoast_head":"<!-- This site is optimized with the Yoast SEO plugin v17.3 - https:\/\/yoast.com\/wordpress\/plugins\/seo\/ -->\n<title>Ac\u00fastica para Espa\u00e7os de Restaura\u00e7\u00e3o - Castelhano e Ferreira<\/title>\n<meta name=\"description\" content=\"Castelhano e Ferreira. Solu\u00e7\u00f5es Ac\u00fastica21. Saiba mais como obter um espa\u00e7o de restaura\u00e7\u00e3o c\u00f3modo e atraente ao n\u00edvel est\u00e9tico.\" \/>\n<meta name=\"robots\" content=\"index, follow, max-snippet:-1, max-image-preview:large, max-video-preview:-1\" \/>\n<link rel=\"canonical\" href=\"https:\/\/castelhano-ferreira.pt\/index.php\/2022\/03\/28\/acustica-para-espacos-de-restauracao\/\" \/>\n<meta property=\"og:locale\" content=\"en_US\" \/>\n<meta property=\"og:type\" content=\"article\" \/>\n<meta property=\"og:title\" content=\"Ac\u00fastica para Espa\u00e7os de Restaura\u00e7\u00e3o - Castelhano e Ferreira\" \/>\n<meta property=\"og:description\" content=\"Castelhano e Ferreira. Solu\u00e7\u00f5es Ac\u00fastica21. Saiba mais como obter um espa\u00e7o de restaura\u00e7\u00e3o c\u00f3modo e atraente ao n\u00edvel est\u00e9tico.\" \/>\n<meta property=\"og:url\" content=\"https:\/\/castelhano-ferreira.pt\/index.php\/2022\/03\/28\/acustica-para-espacos-de-restauracao\/\" \/>\n<meta property=\"og:site_name\" content=\"Castelhano e Ferreira\" \/>\n<meta property=\"article:published_time\" content=\"2022-03-28T14:38:38+00:00\" \/>\n<meta property=\"article:modified_time\" content=\"2022-03-28T14:38:40+00:00\" \/>\n<meta property=\"og:image\" content=\"https:\/\/castelhano-ferreira.pt\/wp-content\/uploads\/2022\/03\/Sem-titulo-2_ab_Prancheta-1-scaled.jpg\" \/>\n\t<meta property=\"og:image:width\" content=\"2560\" \/>\n\t<meta property=\"og:image:height\" content=\"1440\" \/>\n<meta name=\"twitter:card\" content=\"summary_large_image\" \/>\n<meta name=\"twitter:label1\" content=\"Written by\" \/>\n\t<meta name=\"twitter:data1\" content=\"castelhano-ferreira\" \/>\n\t<meta name=\"twitter:label2\" content=\"Est. reading time\" \/>\n\t<meta name=\"twitter:data2\" content=\"2 minutes\" \/>\n<script type=\"application\/ld+json\" class=\"yoast-schema-graph\">{\"@context\":\"https:\/\/schema.org\",\"@graph\":[{\"@type\":\"WebSite\",\"@id\":\"https:\/\/castelhano-ferreira.pt\/#website\",\"url\":\"https:\/\/castelhano-ferreira.pt\/\",\"name\":\"Castelhano e Ferreira\",\"description\":\"Solu\\u00e7\\u00f5es Globais para Espa\\u00e7os de Trabalho\",\"potentialAction\":[{\"@type\":\"SearchAction\",\"target\":{\"@type\":\"EntryPoint\",\"urlTemplate\":\"https:\/\/castelhano-ferreira.pt\/?s={search_term_string}\"},\"query-input\":\"required name=search_term_string\"}],\"inLanguage\":\"en-US\"},{\"@type\":\"ImageObject\",\"@id\":\"https:\/\/castelhano-ferreira.pt\/index.php\/2022\/03\/28\/acustica-para-espacos-de-restauracao\/#primaryimage\",\"inLanguage\":\"en-US\",\"url\":\"https:\/\/castelhano-ferreira.pt\/wp-content\/uploads\/2022\/03\/Sem-titulo-2_ab_Prancheta-1-scaled.jpg\",\"contentUrl\":\"https:\/\/castelhano-ferreira.pt\/wp-content\/uploads\/2022\/03\/Sem-titulo-2_ab_Prancheta-1-scaled.jpg\",\"width\":2560,\"height\":1440},{\"@type\":\"WebPage\",\"@id\":\"https:\/\/castelhano-ferreira.pt\/index.php\/2022\/03\/28\/acustica-para-espacos-de-restauracao\/#webpage\",\"url\":\"https:\/\/castelhano-ferreira.pt\/index.php\/2022\/03\/28\/acustica-para-espacos-de-restauracao\/\",\"name\":\"Ac\\u00fastica para Espa\\u00e7os de Restaura\\u00e7\\u00e3o - Castelhano e Ferreira\",\"isPartOf\":{\"@id\":\"https:\/\/castelhano-ferreira.pt\/#website\"},\"primaryImageOfPage\":{\"@id\":\"https:\/\/castelhano-ferreira.pt\/index.php\/2022\/03\/28\/acustica-para-espacos-de-restauracao\/#primaryimage\"},\"datePublished\":\"2022-03-28T14:38:38+00:00\",\"dateModified\":\"2022-03-28T14:38:40+00:00\",\"author\":{\"@id\":\"https:\/\/castelhano-ferreira.pt\/#\/schema\/person\/0d5b6832013595c10244be666c7a87aa\"},\"description\":\"Castelhano e Ferreira. Solu\\u00e7\\u00f5es Ac\\u00fastica21. Saiba mais como obter um espa\\u00e7o de restaura\\u00e7\\u00e3o c\\u00f3modo e atraente ao n\\u00edvel est\\u00e9tico.\",\"breadcrumb\":{\"@id\":\"https:\/\/castelhano-ferreira.pt\/index.php\/2022\/03\/28\/acustica-para-espacos-de-restauracao\/#breadcrumb\"},\"inLanguage\":\"en-US\",\"potentialAction\":[{\"@type\":\"ReadAction\",\"target\":[\"https:\/\/castelhano-ferreira.pt\/index.php\/2022\/03\/28\/acustica-para-espacos-de-restauracao\/\"]}]},{\"@type\":\"BreadcrumbList\",\"@id\":\"https:\/\/castelhano-ferreira.pt\/index.php\/2022\/03\/28\/acustica-para-espacos-de-restauracao\/#breadcrumb\",\"itemListElement\":[{\"@type\":\"ListItem\",\"position\":1,\"name\":\"Home\",\"item\":\"https:\/\/castelhano-ferreira.pt\/\"},{\"@type\":\"ListItem\",\"position\":2,\"name\":\"Ac\\u00fastica para Espa\\u00e7os de Restaura\\u00e7\\u00e3o\"}]},{\"@type\":\"Person\",\"@id\":\"https:\/\/castelhano-ferreira.pt\/#\/schema\/person\/0d5b6832013595c10244be666c7a87aa\",\"name\":\"castelhano-ferreira\",\"image\":{\"@type\":\"ImageObject\",\"@id\":\"https:\/\/castelhano-ferreira.pt\/#personlogo\",\"inLanguage\":\"en-US\",\"url\":\"https:\/\/secure.gravatar.com\/avatar\/b06671985f2fb87bad7d1bd9163a5b27?s=96&d=mm&r=g\",\"contentUrl\":\"https:\/\/secure.gravatar.com\/avatar\/b06671985f2fb87bad7d1bd9163a5b27?s=96&d=mm&r=g\",\"caption\":\"castelhano-ferreira\"},\"url\":\"https:\/\/castelhano-ferreira.pt\/index.php\/author\/castelhano-ferreira\/\"}]}<\/script>\n<!-- \/ Yoast SEO plugin. -->","yoast_head_json":{"title":"Ac\u00fastica para Espa\u00e7os de Restaura\u00e7\u00e3o - Castelhano e Ferreira","description":"Castelhano e Ferreira. Solu\u00e7\u00f5es Ac\u00fastica21. Saiba mais como obter um espa\u00e7o de restaura\u00e7\u00e3o c\u00f3modo e atraente ao n\u00edvel est\u00e9tico.","robots":{"index":"index","follow":"follow","max-snippet":"max-snippet:-1","max-image-preview":"max-image-preview:large","max-video-preview":"max-video-preview:-1"},"canonical":"https:\/\/castelhano-ferreira.pt\/index.php\/2022\/03\/28\/acustica-para-espacos-de-restauracao\/","og_locale":"en_US","og_type":"article","og_title":"Ac\u00fastica para Espa\u00e7os de Restaura\u00e7\u00e3o - Castelhano e Ferreira","og_description":"Castelhano e Ferreira. Solu\u00e7\u00f5es Ac\u00fastica21. Saiba mais como obter um espa\u00e7o de restaura\u00e7\u00e3o c\u00f3modo e atraente ao n\u00edvel est\u00e9tico.","og_url":"https:\/\/castelhano-ferreira.pt\/index.php\/2022\/03\/28\/acustica-para-espacos-de-restauracao\/","og_site_name":"Castelhano e Ferreira","article_published_time":"2022-03-28T14:38:38+00:00","article_modified_time":"2022-03-28T14:38:40+00:00","og_image":[{"width":2560,"height":1440,"url":"https:\/\/castelhano-ferreira.pt\/wp-content\/uploads\/2022\/03\/Sem-titulo-2_ab_Prancheta-1-scaled.jpg","type":"image\/jpeg"}],"twitter_card":"summary_large_image","twitter_misc":{"Written by":"castelhano-ferreira","Est. reading time":"2 minutes"},"schema":{"@context":"https:\/\/schema.org","@graph":[{"@type":"WebSite","@id":"https:\/\/castelhano-ferreira.pt\/#website","url":"https:\/\/castelhano-ferreira.pt\/","name":"Castelhano e Ferreira","description":"Solu\u00e7\u00f5es Globais para Espa\u00e7os de Trabalho","potentialAction":[{"@type":"SearchAction","target":{"@type":"EntryPoint","urlTemplate":"https:\/\/castelhano-ferreira.pt\/?s={search_term_string}"},"query-input":"required name=search_term_string"}],"inLanguage":"en-US"},{"@type":"ImageObject","@id":"https:\/\/castelhano-ferreira.pt\/index.php\/2022\/03\/28\/acustica-para-espacos-de-restauracao\/#primaryimage","inLanguage":"en-US","url":"https:\/\/castelhano-ferreira.pt\/wp-content\/uploads\/2022\/03\/Sem-titulo-2_ab_Prancheta-1-scaled.jpg","contentUrl":"https:\/\/castelhano-ferreira.pt\/wp-content\/uploads\/2022\/03\/Sem-titulo-2_ab_Prancheta-1-scaled.jpg","width":2560,"height":1440},{"@type":"WebPage","@id":"https:\/\/castelhano-ferreira.pt\/index.php\/2022\/03\/28\/acustica-para-espacos-de-restauracao\/#webpage","url":"https:\/\/castelhano-ferreira.pt\/index.php\/2022\/03\/28\/acustica-para-espacos-de-restauracao\/","name":"Ac\u00fastica para Espa\u00e7os de Restaura\u00e7\u00e3o - Castelhano e Ferreira","isPartOf":{"@id":"https:\/\/castelhano-ferreira.pt\/#website"},"primaryImageOfPage":{"@id":"https:\/\/castelhano-ferreira.pt\/index.php\/2022\/03\/28\/acustica-para-espacos-de-restauracao\/#primaryimage"},"datePublished":"2022-03-28T14:38:38+00:00","dateModified":"2022-03-28T14:38:40+00:00","author":{"@id":"https:\/\/castelhano-ferreira.pt\/#\/schema\/person\/0d5b6832013595c10244be666c7a87aa"},"description":"Castelhano e Ferreira. Solu\u00e7\u00f5es Ac\u00fastica21. Saiba mais como obter um espa\u00e7o de restaura\u00e7\u00e3o c\u00f3modo e atraente ao n\u00edvel est\u00e9tico.","breadcrumb":{"@id":"https:\/\/castelhano-ferreira.pt\/index.php\/2022\/03\/28\/acustica-para-espacos-de-restauracao\/#breadcrumb"},"inLanguage":"en-US","potentialAction":[{"@type":"ReadAction","target":["https:\/\/castelhano-ferreira.pt\/index.php\/2022\/03\/28\/acustica-para-espacos-de-restauracao\/"]}]},{"@type":"BreadcrumbList","@id":"https:\/\/castelhano-ferreira.pt\/index.php\/2022\/03\/28\/acustica-para-espacos-de-restauracao\/#breadcrumb","itemListElement":[{"@type":"ListItem","position":1,"name":"Home","item":"https:\/\/castelhano-ferreira.pt\/"},{"@type":"ListItem","position":2,"name":"Ac\u00fastica para Espa\u00e7os de Restaura\u00e7\u00e3o"}]},{"@type":"Person","@id":"https:\/\/castelhano-ferreira.pt\/#\/schema\/person\/0d5b6832013595c10244be666c7a87aa","name":"castelhano-ferreira","image":{"@type":"ImageObject","@id":"https:\/\/castelhano-ferreira.pt\/#personlogo","inLanguage":"en-US","url":"https:\/\/secure.gravatar.com\/avatar\/b06671985f2fb87bad7d1bd9163a5b27?s=96&d=mm&r=g","contentUrl":"https:\/\/secure.gravatar.com\/avatar\/b06671985f2fb87bad7d1bd9163a5b27?s=96&d=mm&r=g","caption":"castelhano-ferreira"},"url":"https:\/\/castelhano-ferreira.pt\/index.php\/author\/castelhano-ferreira\/"}]}},"_links":{"self":[{"href":"https:\/\/castelhano-ferreira.pt\/index.php\/wp-json\/wp\/v2\/posts\/11208"}],"collection":[{"href":"https:\/\/castelhano-ferreira.pt\/index.php\/wp-json\/wp\/v2\/posts"}],"about":[{"href":"https:\/\/castelhano-ferreira.pt\/index.php\/wp-json\/wp\/v2\/types\/post"}],"author":[{"embeddable":true,"href":"https:\/\/castelhano-ferreira.pt\/index.php\/wp-json\/wp\/v2\/users\/4"}],"replies":[{"embeddable":true,"href":"https:\/\/castelhano-ferreira.pt\/index.php\/wp-json\/wp\/v2\/comments?post=11208"}],"version-history":[{"count":2,"href":"https:\/\/castelhano-ferreira.pt\/index.php\/wp-json\/wp\/v2\/posts\/11208\/revisions"}],"predecessor-version":[{"id":11211,"href":"https:\/\/castelhano-ferreira.pt\/index.php\/wp-json\/wp\/v2\/posts\/11208\/revisions\/11211"}],"wp:featuredmedia":[{"embeddable":true,"href":"https:\/\/castelhano-ferreira.pt\/index.php\/wp-json\/wp\/v2\/media\/11212"}],"wp:attachment":[{"href":"https:\/\/castelhano-ferreira.pt\/index.php\/wp-json\/wp\/v2\/media?parent=11208"}],"wp:term":[{"taxonomy":"category","embeddable":true,"href":"https:\/\/castelhano-ferreira.pt\/index.php\/wp-json\/wp\/v2\/categories?post=11208"},{"taxonomy":"post_tag","embeddable":true,"href":"https:\/\/castelhano-ferreira.pt\/index.php\/wp-json\/wp\/v2\/tags?post=11208"}],"curies":[{"name":"wp","href":"https:\/\/api.w.org\/{rel}","templated":true}]}}