{"id":11232,"date":"2022-05-11T14:14:14","date_gmt":"2022-05-11T14:14:14","guid":{"rendered":"https:\/\/castelhano-ferreira.pt\/?p=11232"},"modified":"2022-05-11T14:14:15","modified_gmt":"2022-05-11T14:14:15","slug":"acustica-do-seu-espaco-de-trabalho","status":"publish","type":"post","link":"https:\/\/castelhano-ferreira.pt\/index.php\/2022\/05\/11\/acustica-do-seu-espaco-de-trabalho\/","title":{"rendered":"Cuidados a ter no Isolamento Ac\u00fastico"},"content":{"rendered":"\n<p><strong>Adversidades com a ac\u00fastica do seu espa\u00e7o de trabalho?<\/strong><\/p>\n\n\n\n<p>N\u00f3s podemos ajudar. <\/p>\n\n\n\n<p>Deve ter em considera\u00e7\u00e3o que o som se propaga de dentro para fora e de fora para dentro. Para um bom isolamento ac\u00fastico, o primeiro passo est\u00e1 em identificar a origem do ru\u00eddo, de forma a sabermos onde e como atuar. <\/p>\n\n\n\n<p>Mas&#8230; e como posso resolver a problem\u00e1tica, ap\u00f3s o diagn\u00f3stico?<\/p>\n\n\n\n<p>Algumas sugest\u00f5es e materiais que podem ajudar:<\/p>\n\n\n\n<ul><li>Gesso &#8211; feito atrav\u00e9s de placas de gesso combinado com l\u00e3 de rocha ou vidro pode ser eficaz para isolar o som e inserir a sua passagem; <\/li><li>L\u00e3 Mineral &#8211; isolamento aplicado em paredes, portas e tectos; <\/li><li>Janelas &#8211; com um batente mais grosso e pesado, s\u00e3o perfeitas para isolar o som que vem do exterior;<\/li><li>Portas &#8211; Sabia que a madeira \u00e9 um isolante ac\u00fastico natural? Bem isoladas no seu interior e com vedantes que n\u00e3o deixem passar o som, podem ser a solu\u00e7\u00e3o que procura;<\/li><li>Condutas de ar &#8211; Condutas de ar independentes impedem a passagem do som de uma sala para a outra. <\/li><\/ul>\n\n\n\n<p>Ou\u00e7a a diferen\u00e7a. <a href=\"https:\/\/castelhano-ferreira.pt\/index.php\/paineis-acusticos\/\">Ac\u00fastica21<\/a>. <\/p>\n\n\n\n<p>A Castelhano e Ferreira, a formular o seu espa\u00e7o. <\/p>\n\n\n\n<p><\/p>\n\n\n\n<p>Entre em contacto e descubra mais solu\u00e7\u00f5es que temos para si. \ud83d\udcde<a href=\"geral@castelhano-ferreira.pt\">\ud83d\udce9<\/a><\/p>\n\n\n\n<p><a href=\"http:\/\/www.castelhano-ferreira.pt\">castelhano-ferreira.pt<\/a><\/p>\n\n\n\n<p><a href=\"http:\/\/planoffice.com\">planoffice.com<\/a><\/p>\n","protected":false},"excerpt":{"rendered":"<p>Adversidades com a ac\u00fastica do seu espa\u00e7o de trabalho? N\u00f3s podemos ajudar. Deve ter em considera\u00e7\u00e3o que o som se propaga de dentro para fora e de fora para dentro. Para um bom isolamento ac\u00fastico, o primeiro passo est\u00e1 em identificar a origem do ru\u00eddo, de forma a sabermos onde e como atuar. Mas&#8230; e [&hellip;]<\/p>\n","protected":false},"author":4,"featured_media":11233,"comment_status":"open","ping_status":"closed","sticky":false,"template":"","format":"standard","meta":[],"categories":[339],"tags":[],"yoast_head":"<!-- This site is optimized with the Yoast SEO plugin v17.3 - https:\/\/yoast.com\/wordpress\/plugins\/seo\/ -->\n<title>Cuidados a ter no Isolamento Ac\u00fastico - Castelhano e Ferreira<\/title>\n<meta name=\"description\" content=\"Adversidades na ac\u00fastica do seu espa\u00e7o de trabalho. Conhe\u00e7a as nossas solu\u00e7\u00f5es em Ac\u00fastica 21 e ou\u00e7a a diferen\u00e7a.\" \/>\n<meta name=\"robots\" content=\"index, follow, max-snippet:-1, max-image-preview:large, max-video-preview:-1\" \/>\n<link rel=\"canonical\" href=\"https:\/\/castelhano-ferreira.pt\/index.php\/2022\/05\/11\/acustica-do-seu-espaco-de-trabalho\/\" \/>\n<meta property=\"og:locale\" content=\"en_US\" \/>\n<meta property=\"og:type\" content=\"article\" \/>\n<meta property=\"og:title\" content=\"Cuidados a ter no Isolamento Ac\u00fastico - Castelhano e Ferreira\" \/>\n<meta property=\"og:description\" content=\"Adversidades na ac\u00fastica do seu espa\u00e7o de trabalho. Conhe\u00e7a as nossas solu\u00e7\u00f5es em Ac\u00fastica 21 e ou\u00e7a a diferen\u00e7a.\" \/>\n<meta property=\"og:url\" content=\"https:\/\/castelhano-ferreira.pt\/index.php\/2022\/05\/11\/acustica-do-seu-espaco-de-trabalho\/\" \/>\n<meta property=\"og:site_name\" content=\"Castelhano e Ferreira\" \/>\n<meta property=\"article:published_time\" content=\"2022-05-11T14:14:14+00:00\" \/>\n<meta property=\"article:modified_time\" content=\"2022-05-11T14:14:15+00:00\" \/>\n<meta property=\"og:image\" content=\"https:\/\/castelhano-ferreira.pt\/wp-content\/uploads\/2022\/05\/1234_Prancheta-172_Prancheta-1-1024x576.png\" \/>\n\t<meta property=\"og:image:width\" content=\"1024\" \/>\n\t<meta property=\"og:image:height\" content=\"576\" \/>\n<meta name=\"twitter:card\" content=\"summary_large_image\" \/>\n<meta name=\"twitter:label1\" content=\"Written by\" \/>\n\t<meta name=\"twitter:data1\" content=\"castelhano-ferreira\" \/>\n\t<meta name=\"twitter:label2\" content=\"Est. reading time\" \/>\n\t<meta name=\"twitter:data2\" content=\"1 minute\" \/>\n<script type=\"application\/ld+json\" class=\"yoast-schema-graph\">{\"@context\":\"https:\/\/schema.org\",\"@graph\":[{\"@type\":\"WebSite\",\"@id\":\"https:\/\/castelhano-ferreira.pt\/#website\",\"url\":\"https:\/\/castelhano-ferreira.pt\/\",\"name\":\"Castelhano e Ferreira\",\"description\":\"Solu\\u00e7\\u00f5es Globais para Espa\\u00e7os de Trabalho\",\"potentialAction\":[{\"@type\":\"SearchAction\",\"target\":{\"@type\":\"EntryPoint\",\"urlTemplate\":\"https:\/\/castelhano-ferreira.pt\/?s={search_term_string}\"},\"query-input\":\"required name=search_term_string\"}],\"inLanguage\":\"en-US\"},{\"@type\":\"ImageObject\",\"@id\":\"https:\/\/castelhano-ferreira.pt\/index.php\/2022\/05\/11\/acustica-do-seu-espaco-de-trabalho\/#primaryimage\",\"inLanguage\":\"en-US\",\"url\":\"https:\/\/castelhano-ferreira.pt\/wp-content\/uploads\/2022\/05\/1234_Prancheta-172_Prancheta-1.png\",\"contentUrl\":\"https:\/\/castelhano-ferreira.pt\/wp-content\/uploads\/2022\/05\/1234_Prancheta-172_Prancheta-1.png\",\"width\":1920,\"height\":1080},{\"@type\":\"WebPage\",\"@id\":\"https:\/\/castelhano-ferreira.pt\/index.php\/2022\/05\/11\/acustica-do-seu-espaco-de-trabalho\/#webpage\",\"url\":\"https:\/\/castelhano-ferreira.pt\/index.php\/2022\/05\/11\/acustica-do-seu-espaco-de-trabalho\/\",\"name\":\"Cuidados a ter no Isolamento Ac\\u00fastico - Castelhano e Ferreira\",\"isPartOf\":{\"@id\":\"https:\/\/castelhano-ferreira.pt\/#website\"},\"primaryImageOfPage\":{\"@id\":\"https:\/\/castelhano-ferreira.pt\/index.php\/2022\/05\/11\/acustica-do-seu-espaco-de-trabalho\/#primaryimage\"},\"datePublished\":\"2022-05-11T14:14:14+00:00\",\"dateModified\":\"2022-05-11T14:14:15+00:00\",\"author\":{\"@id\":\"https:\/\/castelhano-ferreira.pt\/#\/schema\/person\/0d5b6832013595c10244be666c7a87aa\"},\"description\":\"Adversidades na ac\\u00fastica do seu espa\\u00e7o de trabalho. Conhe\\u00e7a as nossas solu\\u00e7\\u00f5es em Ac\\u00fastica 21 e ou\\u00e7a a diferen\\u00e7a.\",\"breadcrumb\":{\"@id\":\"https:\/\/castelhano-ferreira.pt\/index.php\/2022\/05\/11\/acustica-do-seu-espaco-de-trabalho\/#breadcrumb\"},\"inLanguage\":\"en-US\",\"potentialAction\":[{\"@type\":\"ReadAction\",\"target\":[\"https:\/\/castelhano-ferreira.pt\/index.php\/2022\/05\/11\/acustica-do-seu-espaco-de-trabalho\/\"]}]},{\"@type\":\"BreadcrumbList\",\"@id\":\"https:\/\/castelhano-ferreira.pt\/index.php\/2022\/05\/11\/acustica-do-seu-espaco-de-trabalho\/#breadcrumb\",\"itemListElement\":[{\"@type\":\"ListItem\",\"position\":1,\"name\":\"Home\",\"item\":\"https:\/\/castelhano-ferreira.pt\/\"},{\"@type\":\"ListItem\",\"position\":2,\"name\":\"Cuidados a ter no Isolamento Ac\\u00fastico\"}]},{\"@type\":\"Person\",\"@id\":\"https:\/\/castelhano-ferreira.pt\/#\/schema\/person\/0d5b6832013595c10244be666c7a87aa\",\"name\":\"castelhano-ferreira\",\"image\":{\"@type\":\"ImageObject\",\"@id\":\"https:\/\/castelhano-ferreira.pt\/#personlogo\",\"inLanguage\":\"en-US\",\"url\":\"https:\/\/secure.gravatar.com\/avatar\/b06671985f2fb87bad7d1bd9163a5b27?s=96&d=mm&r=g\",\"contentUrl\":\"https:\/\/secure.gravatar.com\/avatar\/b06671985f2fb87bad7d1bd9163a5b27?s=96&d=mm&r=g\",\"caption\":\"castelhano-ferreira\"},\"url\":\"https:\/\/castelhano-ferreira.pt\/index.php\/author\/castelhano-ferreira\/\"}]}<\/script>\n<!-- \/ Yoast SEO plugin. -->","yoast_head_json":{"title":"Cuidados a ter no Isolamento Ac\u00fastico - Castelhano e Ferreira","description":"Adversidades na ac\u00fastica do seu espa\u00e7o de trabalho. Conhe\u00e7a as nossas solu\u00e7\u00f5es em Ac\u00fastica 21 e ou\u00e7a a diferen\u00e7a.","robots":{"index":"index","follow":"follow","max-snippet":"max-snippet:-1","max-image-preview":"max-image-preview:large","max-video-preview":"max-video-preview:-1"},"canonical":"https:\/\/castelhano-ferreira.pt\/index.php\/2022\/05\/11\/acustica-do-seu-espaco-de-trabalho\/","og_locale":"en_US","og_type":"article","og_title":"Cuidados a ter no Isolamento Ac\u00fastico - Castelhano e Ferreira","og_description":"Adversidades na ac\u00fastica do seu espa\u00e7o de trabalho. Conhe\u00e7a as nossas solu\u00e7\u00f5es em Ac\u00fastica 21 e ou\u00e7a a diferen\u00e7a.","og_url":"https:\/\/castelhano-ferreira.pt\/index.php\/2022\/05\/11\/acustica-do-seu-espaco-de-trabalho\/","og_site_name":"Castelhano e Ferreira","article_published_time":"2022-05-11T14:14:14+00:00","article_modified_time":"2022-05-11T14:14:15+00:00","og_image":[{"width":1024,"height":576,"url":"https:\/\/castelhano-ferreira.pt\/wp-content\/uploads\/2022\/05\/1234_Prancheta-172_Prancheta-1-1024x576.png","type":"image\/png"}],"twitter_card":"summary_large_image","twitter_misc":{"Written by":"castelhano-ferreira","Est. reading time":"1 minute"},"schema":{"@context":"https:\/\/schema.org","@graph":[{"@type":"WebSite","@id":"https:\/\/castelhano-ferreira.pt\/#website","url":"https:\/\/castelhano-ferreira.pt\/","name":"Castelhano e Ferreira","description":"Solu\u00e7\u00f5es Globais para Espa\u00e7os de Trabalho","potentialAction":[{"@type":"SearchAction","target":{"@type":"EntryPoint","urlTemplate":"https:\/\/castelhano-ferreira.pt\/?s={search_term_string}"},"query-input":"required name=search_term_string"}],"inLanguage":"en-US"},{"@type":"ImageObject","@id":"https:\/\/castelhano-ferreira.pt\/index.php\/2022\/05\/11\/acustica-do-seu-espaco-de-trabalho\/#primaryimage","inLanguage":"en-US","url":"https:\/\/castelhano-ferreira.pt\/wp-content\/uploads\/2022\/05\/1234_Prancheta-172_Prancheta-1.png","contentUrl":"https:\/\/castelhano-ferreira.pt\/wp-content\/uploads\/2022\/05\/1234_Prancheta-172_Prancheta-1.png","width":1920,"height":1080},{"@type":"WebPage","@id":"https:\/\/castelhano-ferreira.pt\/index.php\/2022\/05\/11\/acustica-do-seu-espaco-de-trabalho\/#webpage","url":"https:\/\/castelhano-ferreira.pt\/index.php\/2022\/05\/11\/acustica-do-seu-espaco-de-trabalho\/","name":"Cuidados a ter no Isolamento Ac\u00fastico - Castelhano e Ferreira","isPartOf":{"@id":"https:\/\/castelhano-ferreira.pt\/#website"},"primaryImageOfPage":{"@id":"https:\/\/castelhano-ferreira.pt\/index.php\/2022\/05\/11\/acustica-do-seu-espaco-de-trabalho\/#primaryimage"},"datePublished":"2022-05-11T14:14:14+00:00","dateModified":"2022-05-11T14:14:15+00:00","author":{"@id":"https:\/\/castelhano-ferreira.pt\/#\/schema\/person\/0d5b6832013595c10244be666c7a87aa"},"description":"Adversidades na ac\u00fastica do seu espa\u00e7o de trabalho. Conhe\u00e7a as nossas solu\u00e7\u00f5es em Ac\u00fastica 21 e ou\u00e7a a diferen\u00e7a.","breadcrumb":{"@id":"https:\/\/castelhano-ferreira.pt\/index.php\/2022\/05\/11\/acustica-do-seu-espaco-de-trabalho\/#breadcrumb"},"inLanguage":"en-US","potentialAction":[{"@type":"ReadAction","target":["https:\/\/castelhano-ferreira.pt\/index.php\/2022\/05\/11\/acustica-do-seu-espaco-de-trabalho\/"]}]},{"@type":"BreadcrumbList","@id":"https:\/\/castelhano-ferreira.pt\/index.php\/2022\/05\/11\/acustica-do-seu-espaco-de-trabalho\/#breadcrumb","itemListElement":[{"@type":"ListItem","position":1,"name":"Home","item":"https:\/\/castelhano-ferreira.pt\/"},{"@type":"ListItem","position":2,"name":"Cuidados a ter no Isolamento Ac\u00fastico"}]},{"@type":"Person","@id":"https:\/\/castelhano-ferreira.pt\/#\/schema\/person\/0d5b6832013595c10244be666c7a87aa","name":"castelhano-ferreira","image":{"@type":"ImageObject","@id":"https:\/\/castelhano-ferreira.pt\/#personlogo","inLanguage":"en-US","url":"https:\/\/secure.gravatar.com\/avatar\/b06671985f2fb87bad7d1bd9163a5b27?s=96&d=mm&r=g","contentUrl":"https:\/\/secure.gravatar.com\/avatar\/b06671985f2fb87bad7d1bd9163a5b27?s=96&d=mm&r=g","caption":"castelhano-ferreira"},"url":"https:\/\/castelhano-ferreira.pt\/index.php\/author\/castelhano-ferreira\/"}]}},"_links":{"self":[{"href":"https:\/\/castelhano-ferreira.pt\/index.php\/wp-json\/wp\/v2\/posts\/11232"}],"collection":[{"href":"https:\/\/castelhano-ferreira.pt\/index.php\/wp-json\/wp\/v2\/posts"}],"about":[{"href":"https:\/\/castelhano-ferreira.pt\/index.php\/wp-json\/wp\/v2\/types\/post"}],"author":[{"embeddable":true,"href":"https:\/\/castelhano-ferreira.pt\/index.php\/wp-json\/wp\/v2\/users\/4"}],"replies":[{"embeddable":true,"href":"https:\/\/castelhano-ferreira.pt\/index.php\/wp-json\/wp\/v2\/comments?post=11232"}],"version-history":[{"count":1,"href":"https:\/\/castelhano-ferreira.pt\/index.php\/wp-json\/wp\/v2\/posts\/11232\/revisions"}],"predecessor-version":[{"id":11234,"href":"https:\/\/castelhano-ferreira.pt\/index.php\/wp-json\/wp\/v2\/posts\/11232\/revisions\/11234"}],"wp:featuredmedia":[{"embeddable":true,"href":"https:\/\/castelhano-ferreira.pt\/index.php\/wp-json\/wp\/v2\/media\/11233"}],"wp:attachment":[{"href":"https:\/\/castelhano-ferreira.pt\/index.php\/wp-json\/wp\/v2\/media?parent=11232"}],"wp:term":[{"taxonomy":"category","embeddable":true,"href":"https:\/\/castelhano-ferreira.pt\/index.php\/wp-json\/wp\/v2\/categories?post=11232"},{"taxonomy":"post_tag","embeddable":true,"href":"https:\/\/castelhano-ferreira.pt\/index.php\/wp-json\/wp\/v2\/tags?post=11232"}],"curies":[{"name":"wp","href":"https:\/\/api.w.org\/{rel}","templated":true}]}}