{"id":11301,"date":"2022-09-19T15:10:13","date_gmt":"2022-09-19T15:10:13","guid":{"rendered":"https:\/\/castelhano-ferreira.pt\/?p=11301"},"modified":"2022-09-19T15:10:15","modified_gmt":"2022-09-19T15:10:15","slug":"divisoria-versaline","status":"publish","type":"post","link":"https:\/\/castelhano-ferreira.pt\/index.php\/2022\/09\/19\/divisoria-versaline\/","title":{"rendered":"Divis\u00f3ria VERSALINE."},"content":{"rendered":"\n<p><strong>A VERSATILIDADE NUM ESPA\u00c7O SEU. <\/strong><\/p>\n\n\n\n<p>As empresas perceberam a import\u00e2ncia em optar por ambientes de trabalho acolhedores, flex\u00edveis e vers\u00e1teis oferecendo motiva\u00e7\u00e3o e produtividade aos colaboradores. <\/p>\n\n\n\n<p>Do mobili\u00e1rio de linhas simples \u00e0s mais arrojadas, do open-space \u00e0 divis\u00e3o de espa\u00e7os e at\u00e9 elementos decorativos a necessidade de criar espa\u00e7os &#8220;casa&#8221; s\u00e3o cada vez mais procurados ao n\u00edvel da organiza\u00e7\u00e3o e que atendem \u00e0 segmenta\u00e7\u00e3o das atividades\/departamentos.<\/p>\n\n\n\n<p>A divis\u00e3o de espa\u00e7os possibilita a cria\u00e7\u00e3o de diversos locais que permitem a integra\u00e7\u00e3o de v\u00e1rios colaboradores num mesmo ambiente, sem que estes trabalhem &#8220;juntos&#8221;. <\/p>\n\n\n\n<p><strong>Porque optar por uma solu\u00e7\u00e3o de divis\u00f3rias para ambientes de trabalho?<\/strong><\/p>\n\n\n\n<ol><li>Ambientes funcionais;<\/li><li>Conforto e privacidade assegurados;<\/li><li>Maior desempenho e produtividade na empresa por parte da equipa;<\/li><li>Menores custos. <\/li><\/ol>\n\n\n\n<p><\/p>\n\n\n\n<p><em>Uma nova divis\u00f3ria integrada na nossa marca DIWERSA.<\/em><\/p>\n\n\n\n<p><\/p>\n\n\n\n<p>\u00c9 um sistema de divis\u00f3rias vers\u00e1til adaptado a cada espa\u00e7o e necessidade.<\/p>\n\n\n\n<p>Com a possibilidade de diversas op\u00e7\u00f5es inseridas dentro da mesma estrutura e perfil esta nova divis\u00f3ria permite destacar-se pela continuidade, versatilidade e resposta face \u00e0s tend\u00eancias do mercado.<\/p>\n\n\n\n<p>Como \u00e9 composta?<\/p>\n\n\n\n<ul><li>Estrutura: Alum\u00ednio na cor natural(polido) ou nas cores dispon\u00edveis no mercado; <\/li><li>Op\u00e7\u00f5es. vidro duplo, vidro \u00fanico centrado, vidro \u00fanico descentrado, painel opaco, porta madeira&#8230;<\/li><li>Acabamentos: melamina, folha de madeira natural, lacado, t\u00eaxteis, pain\u00e9is Ac\u00fastica21. Outros acabamentos sob consulta. <\/li><\/ul>\n\n\n\n<p>Gostou? Interessado em solu\u00e7\u00f5es desta tipologia? Conhe\u00e7a a nossa gama de divis\u00f3rias da marca <a href=\"https:\/\/castelhano-ferreira.pt\/index.php\/divisorias\/\">Diwersa<\/a>. \ud83d\ude09<\/p>\n\n\n\n<p><\/p>\n\n\n\n<p><strong>VERSALINE. O conforto, funcionalidade e organiza\u00e7\u00e3o num s\u00f3 espa\u00e7o. <\/strong><\/p>\n\n\n\n<p><\/p>\n\n\n\n<p>Visite-nos em <a href=\"http:\/\/www.castelhano-ferreira.pt\">castelhano-ferreira.pt<\/a> ou <a href=\"http:\/\/www.planoffice.com\">planoffice.com<\/a> e fique a par de todas as nossas solu\u00e7\u00f5es para espa\u00e7os de trabalho globais. <\/p>\n","protected":false},"excerpt":{"rendered":"<p>A VERSATILIDADE NUM ESPA\u00c7O SEU. As empresas perceberam a import\u00e2ncia em optar por ambientes de trabalho acolhedores, flex\u00edveis e vers\u00e1teis oferecendo motiva\u00e7\u00e3o e produtividade aos colaboradores. Do mobili\u00e1rio de linhas simples \u00e0s mais arrojadas, do open-space \u00e0 divis\u00e3o de espa\u00e7os e at\u00e9 elementos decorativos a necessidade de criar espa\u00e7os &#8220;casa&#8221; s\u00e3o cada vez mais procurados [&hellip;]<\/p>\n","protected":false},"author":4,"featured_media":11302,"comment_status":"open","ping_status":"closed","sticky":false,"template":"","format":"standard","meta":[],"categories":[339],"tags":[],"yoast_head":"<!-- This site is optimized with the Yoast SEO plugin v17.3 - https:\/\/yoast.com\/wordpress\/plugins\/seo\/ -->\n<title>Divis\u00f3ria VERSALINE. - Castelhano e Ferreira<\/title>\n<meta name=\"description\" content=\"Divis\u00f3ria Versaline. A versatilidade num espa\u00e7o seu. Uma nova divis\u00f3ria integrada na nossa gama de divis\u00f3rias da marca Diwersa.\" \/>\n<meta name=\"robots\" content=\"index, follow, max-snippet:-1, max-image-preview:large, max-video-preview:-1\" \/>\n<link rel=\"canonical\" href=\"https:\/\/castelhano-ferreira.pt\/index.php\/2022\/09\/19\/divisoria-versaline\/\" \/>\n<meta property=\"og:locale\" content=\"en_US\" \/>\n<meta property=\"og:type\" content=\"article\" \/>\n<meta property=\"og:title\" content=\"Divis\u00f3ria VERSALINE. - Castelhano e Ferreira\" \/>\n<meta property=\"og:description\" content=\"Divis\u00f3ria Versaline. A versatilidade num espa\u00e7o seu. Uma nova divis\u00f3ria integrada na nossa gama de divis\u00f3rias da marca Diwersa.\" \/>\n<meta property=\"og:url\" content=\"https:\/\/castelhano-ferreira.pt\/index.php\/2022\/09\/19\/divisoria-versaline\/\" \/>\n<meta property=\"og:site_name\" content=\"Castelhano e Ferreira\" \/>\n<meta property=\"article:published_time\" content=\"2022-09-19T15:10:13+00:00\" \/>\n<meta property=\"article:modified_time\" content=\"2022-09-19T15:10:15+00:00\" \/>\n<meta property=\"og:image\" content=\"https:\/\/castelhano-ferreira.pt\/wp-content\/uploads\/2022\/09\/Divisoria-Versaline_Prancheta-1-1024x576.png\" \/>\n\t<meta property=\"og:image:width\" content=\"1024\" \/>\n\t<meta property=\"og:image:height\" content=\"576\" \/>\n<meta name=\"twitter:card\" content=\"summary_large_image\" \/>\n<meta name=\"twitter:label1\" content=\"Written by\" \/>\n\t<meta name=\"twitter:data1\" content=\"castelhano-ferreira\" \/>\n\t<meta name=\"twitter:label2\" content=\"Est. reading time\" \/>\n\t<meta name=\"twitter:data2\" content=\"2 minutes\" \/>\n<script type=\"application\/ld+json\" class=\"yoast-schema-graph\">{\"@context\":\"https:\/\/schema.org\",\"@graph\":[{\"@type\":\"WebSite\",\"@id\":\"https:\/\/castelhano-ferreira.pt\/#website\",\"url\":\"https:\/\/castelhano-ferreira.pt\/\",\"name\":\"Castelhano e Ferreira\",\"description\":\"Solu\\u00e7\\u00f5es Globais para Espa\\u00e7os de Trabalho\",\"potentialAction\":[{\"@type\":\"SearchAction\",\"target\":{\"@type\":\"EntryPoint\",\"urlTemplate\":\"https:\/\/castelhano-ferreira.pt\/?s={search_term_string}\"},\"query-input\":\"required name=search_term_string\"}],\"inLanguage\":\"en-US\"},{\"@type\":\"ImageObject\",\"@id\":\"https:\/\/castelhano-ferreira.pt\/index.php\/2022\/09\/19\/divisoria-versaline\/#primaryimage\",\"inLanguage\":\"en-US\",\"url\":\"https:\/\/castelhano-ferreira.pt\/wp-content\/uploads\/2022\/09\/Divisoria-Versaline_Prancheta-1.png\",\"contentUrl\":\"https:\/\/castelhano-ferreira.pt\/wp-content\/uploads\/2022\/09\/Divisoria-Versaline_Prancheta-1.png\",\"width\":8000,\"height\":4500},{\"@type\":\"WebPage\",\"@id\":\"https:\/\/castelhano-ferreira.pt\/index.php\/2022\/09\/19\/divisoria-versaline\/#webpage\",\"url\":\"https:\/\/castelhano-ferreira.pt\/index.php\/2022\/09\/19\/divisoria-versaline\/\",\"name\":\"Divis\\u00f3ria VERSALINE. - Castelhano e Ferreira\",\"isPartOf\":{\"@id\":\"https:\/\/castelhano-ferreira.pt\/#website\"},\"primaryImageOfPage\":{\"@id\":\"https:\/\/castelhano-ferreira.pt\/index.php\/2022\/09\/19\/divisoria-versaline\/#primaryimage\"},\"datePublished\":\"2022-09-19T15:10:13+00:00\",\"dateModified\":\"2022-09-19T15:10:15+00:00\",\"author\":{\"@id\":\"https:\/\/castelhano-ferreira.pt\/#\/schema\/person\/0d5b6832013595c10244be666c7a87aa\"},\"description\":\"Divis\\u00f3ria Versaline. A versatilidade num espa\\u00e7o seu. Uma nova divis\\u00f3ria integrada na nossa gama de divis\\u00f3rias da marca Diwersa.\",\"breadcrumb\":{\"@id\":\"https:\/\/castelhano-ferreira.pt\/index.php\/2022\/09\/19\/divisoria-versaline\/#breadcrumb\"},\"inLanguage\":\"en-US\",\"potentialAction\":[{\"@type\":\"ReadAction\",\"target\":[\"https:\/\/castelhano-ferreira.pt\/index.php\/2022\/09\/19\/divisoria-versaline\/\"]}]},{\"@type\":\"BreadcrumbList\",\"@id\":\"https:\/\/castelhano-ferreira.pt\/index.php\/2022\/09\/19\/divisoria-versaline\/#breadcrumb\",\"itemListElement\":[{\"@type\":\"ListItem\",\"position\":1,\"name\":\"Home\",\"item\":\"https:\/\/castelhano-ferreira.pt\/\"},{\"@type\":\"ListItem\",\"position\":2,\"name\":\"Divis\\u00f3ria VERSALINE.\"}]},{\"@type\":\"Person\",\"@id\":\"https:\/\/castelhano-ferreira.pt\/#\/schema\/person\/0d5b6832013595c10244be666c7a87aa\",\"name\":\"castelhano-ferreira\",\"image\":{\"@type\":\"ImageObject\",\"@id\":\"https:\/\/castelhano-ferreira.pt\/#personlogo\",\"inLanguage\":\"en-US\",\"url\":\"https:\/\/secure.gravatar.com\/avatar\/b06671985f2fb87bad7d1bd9163a5b27?s=96&d=mm&r=g\",\"contentUrl\":\"https:\/\/secure.gravatar.com\/avatar\/b06671985f2fb87bad7d1bd9163a5b27?s=96&d=mm&r=g\",\"caption\":\"castelhano-ferreira\"},\"url\":\"https:\/\/castelhano-ferreira.pt\/index.php\/author\/castelhano-ferreira\/\"}]}<\/script>\n<!-- \/ Yoast SEO plugin. -->","yoast_head_json":{"title":"Divis\u00f3ria VERSALINE. - Castelhano e Ferreira","description":"Divis\u00f3ria Versaline. A versatilidade num espa\u00e7o seu. Uma nova divis\u00f3ria integrada na nossa gama de divis\u00f3rias da marca Diwersa.","robots":{"index":"index","follow":"follow","max-snippet":"max-snippet:-1","max-image-preview":"max-image-preview:large","max-video-preview":"max-video-preview:-1"},"canonical":"https:\/\/castelhano-ferreira.pt\/index.php\/2022\/09\/19\/divisoria-versaline\/","og_locale":"en_US","og_type":"article","og_title":"Divis\u00f3ria VERSALINE. - Castelhano e Ferreira","og_description":"Divis\u00f3ria Versaline. A versatilidade num espa\u00e7o seu. Uma nova divis\u00f3ria integrada na nossa gama de divis\u00f3rias da marca Diwersa.","og_url":"https:\/\/castelhano-ferreira.pt\/index.php\/2022\/09\/19\/divisoria-versaline\/","og_site_name":"Castelhano e Ferreira","article_published_time":"2022-09-19T15:10:13+00:00","article_modified_time":"2022-09-19T15:10:15+00:00","og_image":[{"width":1024,"height":576,"url":"https:\/\/castelhano-ferreira.pt\/wp-content\/uploads\/2022\/09\/Divisoria-Versaline_Prancheta-1-1024x576.png","type":"image\/png"}],"twitter_card":"summary_large_image","twitter_misc":{"Written by":"castelhano-ferreira","Est. reading time":"2 minutes"},"schema":{"@context":"https:\/\/schema.org","@graph":[{"@type":"WebSite","@id":"https:\/\/castelhano-ferreira.pt\/#website","url":"https:\/\/castelhano-ferreira.pt\/","name":"Castelhano e Ferreira","description":"Solu\u00e7\u00f5es Globais para Espa\u00e7os de Trabalho","potentialAction":[{"@type":"SearchAction","target":{"@type":"EntryPoint","urlTemplate":"https:\/\/castelhano-ferreira.pt\/?s={search_term_string}"},"query-input":"required name=search_term_string"}],"inLanguage":"en-US"},{"@type":"ImageObject","@id":"https:\/\/castelhano-ferreira.pt\/index.php\/2022\/09\/19\/divisoria-versaline\/#primaryimage","inLanguage":"en-US","url":"https:\/\/castelhano-ferreira.pt\/wp-content\/uploads\/2022\/09\/Divisoria-Versaline_Prancheta-1.png","contentUrl":"https:\/\/castelhano-ferreira.pt\/wp-content\/uploads\/2022\/09\/Divisoria-Versaline_Prancheta-1.png","width":8000,"height":4500},{"@type":"WebPage","@id":"https:\/\/castelhano-ferreira.pt\/index.php\/2022\/09\/19\/divisoria-versaline\/#webpage","url":"https:\/\/castelhano-ferreira.pt\/index.php\/2022\/09\/19\/divisoria-versaline\/","name":"Divis\u00f3ria VERSALINE. - Castelhano e Ferreira","isPartOf":{"@id":"https:\/\/castelhano-ferreira.pt\/#website"},"primaryImageOfPage":{"@id":"https:\/\/castelhano-ferreira.pt\/index.php\/2022\/09\/19\/divisoria-versaline\/#primaryimage"},"datePublished":"2022-09-19T15:10:13+00:00","dateModified":"2022-09-19T15:10:15+00:00","author":{"@id":"https:\/\/castelhano-ferreira.pt\/#\/schema\/person\/0d5b6832013595c10244be666c7a87aa"},"description":"Divis\u00f3ria Versaline. A versatilidade num espa\u00e7o seu. Uma nova divis\u00f3ria integrada na nossa gama de divis\u00f3rias da marca Diwersa.","breadcrumb":{"@id":"https:\/\/castelhano-ferreira.pt\/index.php\/2022\/09\/19\/divisoria-versaline\/#breadcrumb"},"inLanguage":"en-US","potentialAction":[{"@type":"ReadAction","target":["https:\/\/castelhano-ferreira.pt\/index.php\/2022\/09\/19\/divisoria-versaline\/"]}]},{"@type":"BreadcrumbList","@id":"https:\/\/castelhano-ferreira.pt\/index.php\/2022\/09\/19\/divisoria-versaline\/#breadcrumb","itemListElement":[{"@type":"ListItem","position":1,"name":"Home","item":"https:\/\/castelhano-ferreira.pt\/"},{"@type":"ListItem","position":2,"name":"Divis\u00f3ria VERSALINE."}]},{"@type":"Person","@id":"https:\/\/castelhano-ferreira.pt\/#\/schema\/person\/0d5b6832013595c10244be666c7a87aa","name":"castelhano-ferreira","image":{"@type":"ImageObject","@id":"https:\/\/castelhano-ferreira.pt\/#personlogo","inLanguage":"en-US","url":"https:\/\/secure.gravatar.com\/avatar\/b06671985f2fb87bad7d1bd9163a5b27?s=96&d=mm&r=g","contentUrl":"https:\/\/secure.gravatar.com\/avatar\/b06671985f2fb87bad7d1bd9163a5b27?s=96&d=mm&r=g","caption":"castelhano-ferreira"},"url":"https:\/\/castelhano-ferreira.pt\/index.php\/author\/castelhano-ferreira\/"}]}},"_links":{"self":[{"href":"https:\/\/castelhano-ferreira.pt\/index.php\/wp-json\/wp\/v2\/posts\/11301"}],"collection":[{"href":"https:\/\/castelhano-ferreira.pt\/index.php\/wp-json\/wp\/v2\/posts"}],"about":[{"href":"https:\/\/castelhano-ferreira.pt\/index.php\/wp-json\/wp\/v2\/types\/post"}],"author":[{"embeddable":true,"href":"https:\/\/castelhano-ferreira.pt\/index.php\/wp-json\/wp\/v2\/users\/4"}],"replies":[{"embeddable":true,"href":"https:\/\/castelhano-ferreira.pt\/index.php\/wp-json\/wp\/v2\/comments?post=11301"}],"version-history":[{"count":3,"href":"https:\/\/castelhano-ferreira.pt\/index.php\/wp-json\/wp\/v2\/posts\/11301\/revisions"}],"predecessor-version":[{"id":11305,"href":"https:\/\/castelhano-ferreira.pt\/index.php\/wp-json\/wp\/v2\/posts\/11301\/revisions\/11305"}],"wp:featuredmedia":[{"embeddable":true,"href":"https:\/\/castelhano-ferreira.pt\/index.php\/wp-json\/wp\/v2\/media\/11302"}],"wp:attachment":[{"href":"https:\/\/castelhano-ferreira.pt\/index.php\/wp-json\/wp\/v2\/media?parent=11301"}],"wp:term":[{"taxonomy":"category","embeddable":true,"href":"https:\/\/castelhano-ferreira.pt\/index.php\/wp-json\/wp\/v2\/categories?post=11301"},{"taxonomy":"post_tag","embeddable":true,"href":"https:\/\/castelhano-ferreira.pt\/index.php\/wp-json\/wp\/v2\/tags?post=11301"}],"curies":[{"name":"wp","href":"https:\/\/api.w.org\/{rel}","templated":true}]}}